{"id":5497,"date":"2026-04-26T08:05:00","date_gmt":"2026-04-26T06:05:00","guid":{"rendered":"https:\/\/akademie-3.org\/das-laecheln-der-sphinx-impuls-roland-benedikter-teil-1\/"},"modified":"2026-04-29T01:13:47","modified_gmt":"2026-04-28T23:13:47","slug":"das-laecheln-der-sphinx-impuls-roland-benedikter-teil-1","status":"publish","type":"post","link":"https:\/\/akademie-3.org\/en\/das-laecheln-der-sphinx-impuls-roland-benedikter-teil-1\/","title":{"rendered":"&#8220;Das L\u00e4cheln der Sphinx&#8221; Impuls Roland Benedikter Teil 1"},"content":{"rendered":"<audio class=\"wp-audio-shortcode\" id=\"audio-5497-1\" preload=\"none\" style=\"width: 100%;\" controls=\"controls\"><source type=\"audio\/mpeg\" src=\"https:\/\/1eovd14.podcaster.de\/christophquarch\/media\/25-04-2026_Roland_Benedikter_Europa_SuAka3_2024_Teil_1(2).mp3?_=1\" \/><a href=\"https:\/\/1eovd14.podcaster.de\/christophquarch\/media\/25-04-2026_Roland_Benedikter_Europa_SuAka3_2024_Teil_1(2).mp3\">https:\/\/1eovd14.podcaster.de\/christophquarch\/media\/25-04-2026_Roland_Benedikter_Europa_SuAka3_2024_Teil_1(2).mp3<\/a><\/audio>\n<p>Auf der Suche nach Europas Identit\u00e4t<\/p>\n<p>Teil 1 von Roland Benedikter (SummerSchool 2024, Sche\u00dflitz)<\/p>\n<p>Europas Identit\u00e4t liegt im L\u00e4cheln der Sphinx. Zu ihrer Kl\u00e4rung wurden unterschiedliche Narrative bem\u00fcht: vom antiken Griechentum \u00fcber das christliche Abendland bis zum Mythos des &#8220;Nie Wieder&#8221; von Zweitem Weltkrieg und Holocaust, der Europa als &#8220;Friedensprojekt&#8221; definieren will. Vor diesem Hintergrund stellen sich grundlegende Fragen. Braucht Europa anstelle eines Ursprungsmythos einen gemeinsame Zivilreligion &#8211; und wenn ja, welche? Angesichts der neuen globalen Blockbildung zwischen Demokratien und Nicht-Demokratien wird zu kl\u00e4ren sein, ob sich Europas Identit\u00e4t aus sich selbst heraus oder nur im Gegen\u00fcber zu anderen Welt-Gegenden finden l\u00e4sst &#8211; gegen\u00fcber den USA, China, Russland, der arabischen oder afrikanischen Welt. <\/p>\n<p>Der Vortrag ist aus dem Jahr 2024, gehalten bei der SummerSchool der <a href=\"https:\/\/akademie-3.org\/\" rel=\"noopener noreferrer nofollow\">Akademie3.<\/a><\/p>\n<p>Ihr h\u00f6rt Teil 1 des Vortrages von Roland Benedikter<\/p>\n<p>Buchempfehlung:<br \/>\n<a href=\"https:\/\/tidd.ly\/4cNcTrQ\" rel=\"noopener noreferrer nofollow\">China &#8211; Situation und Perspektiven des neuen weltpolitischen Akteurs<\/a><br \/>\nDie Zeichnung ist von <a href=\"https:\/\/satzzeichnerin.de\/\" rel=\"noopener noreferrer nofollow\">Ines Maria Eckermann <\/a>&#8211; Satzzeichnerin<\/p>\n","protected":false},"excerpt":{"rendered":"<p>Auf der Suche nach Europas Identit\u00e4t<\/p>\n","protected":false},"author":1,"featured_media":5500,"comment_status":"closed","ping_status":"","sticky":false,"template":"","format":"standard","meta":{"_acf_changed":false,"footnotes":""},"categories":[1],"tags":[],"class_list":["post-5497","post","type-post","status-publish","format-standard","has-post-thumbnail","hentry","category-allgemein"],"translation":{"provider":"WPGlobus","version":"3.0.2","language":"en","enabled_languages":["de","en"],"languages":{"de":{"title":true,"content":true,"excerpt":true},"en":{"title":false,"content":false,"excerpt":false}}},"acf":[],"yoast_head":"<!-- This site is optimized with the Yoast SEO plugin v27.5 - https:\/\/yoast.com\/product\/yoast-seo-wordpress\/ -->\n<title>&quot;Das L\u00e4cheln der Sphinx&quot; Impuls Roland Benedikter Teil 1 - Akademie 3<\/title>\n<meta name=\"robots\" content=\"index, follow, max-snippet:-1, max-image-preview:large, max-video-preview:-1\" \/>\n<link rel=\"canonical\" href=\"https:\/\/akademie-3.org\/das-laecheln-der-sphinx-impuls-roland-benedikter-teil-1\/\" \/>\n<meta property=\"og:locale\" content=\"en_US\" \/>\n<meta property=\"og:type\" content=\"article\" \/>\n<meta property=\"og:title\" content=\"&quot;Das L\u00e4cheln der Sphinx&quot; Impuls Roland Benedikter Teil 1 - Akademie 3\" \/>\n<meta property=\"og:url\" content=\"https:\/\/akademie-3.org\/das-laecheln-der-sphinx-impuls-roland-benedikter-teil-1\/\" \/>\n<meta property=\"og:site_name\" content=\"Akademie 3\" \/>\n<meta property=\"article:published_time\" content=\"2026-04-26T06:05:00+00:00\" \/>\n<meta property=\"article:modified_time\" content=\"2026-04-28T23:13:47+00:00\" \/>\n<meta property=\"og:image\" content=\"https:\/\/akademie-3.org\/wp-content\/uploads\/2026\/04\/Roland_Benedikter_2024.jpg\" \/>\n\t<meta property=\"og:image:width\" content=\"1400\" \/>\n\t<meta property=\"og:image:height\" content=\"1400\" \/>\n\t<meta property=\"og:image:type\" content=\"image\/jpeg\" \/>\n<meta name=\"author\" content=\"ulrich\" \/>\n<meta name=\"twitter:card\" content=\"summary_large_image\" \/>\n<meta name=\"twitter:label1\" content=\"Written by\" \/>\n\t<meta name=\"twitter:data1\" content=\"ulrich\" \/>\n\t<meta name=\"twitter:label2\" content=\"Est. reading time\" \/>\n\t<meta name=\"twitter:data2\" content=\"1 minute\" \/>\n<script type=\"application\/ld+json\" class=\"yoast-schema-graph\">{\"@context\":\"https:\\\/\\\/schema.org\",\"@graph\":[{\"@type\":\"Article\",\"@id\":\"https:\\\/\\\/akademie-3.org\\\/das-laecheln-der-sphinx-impuls-roland-benedikter-teil-1\\\/#article\",\"isPartOf\":{\"@id\":\"https:\\\/\\\/akademie-3.org\\\/das-laecheln-der-sphinx-impuls-roland-benedikter-teil-1\\\/\"},\"author\":{\"name\":\"ulrich\",\"@id\":\"https:\\\/\\\/akademie-3.org\\\/#\\\/schema\\\/person\\\/5142bdd8ee92e38e7b96471c1b17e352\"},\"headline\":\"&#8220;Das L\u00e4cheln der Sphinx&#8221; Impuls Roland Benedikter Teil 1\",\"datePublished\":\"2026-04-26T06:05:00+00:00\",\"dateModified\":\"2026-04-28T23:13:47+00:00\",\"mainEntityOfPage\":{\"@id\":\"https:\\\/\\\/akademie-3.org\\\/das-laecheln-der-sphinx-impuls-roland-benedikter-teil-1\\\/\"},\"wordCount\":188,\"image\":{\"@id\":\"https:\\\/\\\/akademie-3.org\\\/das-laecheln-der-sphinx-impuls-roland-benedikter-teil-1\\\/#primaryimage\"},\"thumbnailUrl\":\"https:\\\/\\\/akademie-3.org\\\/wp-content\\\/uploads\\\/2026\\\/04\\\/Roland_Benedikter_2024.jpg\",\"articleSection\":[\"Allgemein\"],\"inLanguage\":\"en-US\"},{\"@type\":\"WebPage\",\"@id\":\"https:\\\/\\\/akademie-3.org\\\/das-laecheln-der-sphinx-impuls-roland-benedikter-teil-1\\\/\",\"url\":\"https:\\\/\\\/akademie-3.org\\\/das-laecheln-der-sphinx-impuls-roland-benedikter-teil-1\\\/\",\"name\":\"\\\"Das L\u00e4cheln der Sphinx\\\" Impuls Roland Benedikter Teil 1 - Akademie 3\",\"isPartOf\":{\"@id\":\"https:\\\/\\\/akademie-3.org\\\/#website\"},\"primaryImageOfPage\":{\"@id\":\"https:\\\/\\\/akademie-3.org\\\/das-laecheln-der-sphinx-impuls-roland-benedikter-teil-1\\\/#primaryimage\"},\"image\":{\"@id\":\"https:\\\/\\\/akademie-3.org\\\/das-laecheln-der-sphinx-impuls-roland-benedikter-teil-1\\\/#primaryimage\"},\"thumbnailUrl\":\"https:\\\/\\\/akademie-3.org\\\/wp-content\\\/uploads\\\/2026\\\/04\\\/Roland_Benedikter_2024.jpg\",\"datePublished\":\"2026-04-26T06:05:00+00:00\",\"dateModified\":\"2026-04-28T23:13:47+00:00\",\"author\":{\"@id\":\"https:\\\/\\\/akademie-3.org\\\/#\\\/schema\\\/person\\\/5142bdd8ee92e38e7b96471c1b17e352\"},\"breadcrumb\":{\"@id\":\"https:\\\/\\\/akademie-3.org\\\/das-laecheln-der-sphinx-impuls-roland-benedikter-teil-1\\\/#breadcrumb\"},\"inLanguage\":\"en-US\",\"potentialAction\":[{\"@type\":\"ReadAction\",\"target\":[\"https:\\\/\\\/akademie-3.org\\\/das-laecheln-der-sphinx-impuls-roland-benedikter-teil-1\\\/\"]}]},{\"@type\":\"ImageObject\",\"inLanguage\":\"en-US\",\"@id\":\"https:\\\/\\\/akademie-3.org\\\/das-laecheln-der-sphinx-impuls-roland-benedikter-teil-1\\\/#primaryimage\",\"url\":\"https:\\\/\\\/akademie-3.org\\\/wp-content\\\/uploads\\\/2026\\\/04\\\/Roland_Benedikter_2024.jpg\",\"contentUrl\":\"https:\\\/\\\/akademie-3.org\\\/wp-content\\\/uploads\\\/2026\\\/04\\\/Roland_Benedikter_2024.jpg\",\"width\":1400,\"height\":1400},{\"@type\":\"BreadcrumbList\",\"@id\":\"https:\\\/\\\/akademie-3.org\\\/das-laecheln-der-sphinx-impuls-roland-benedikter-teil-1\\\/#breadcrumb\",\"itemListElement\":[{\"@type\":\"ListItem\",\"position\":1,\"name\":\"Home\",\"item\":\"https:\\\/\\\/akademie-3.org\\\/\"},{\"@type\":\"ListItem\",\"position\":2,\"name\":\"&#8222;Das L\u00e4cheln der Sphinx&#8220; Impuls Roland Benedikter Teil 1\"}]},{\"@type\":\"WebSite\",\"@id\":\"https:\\\/\\\/akademie-3.org\\\/#website\",\"url\":\"https:\\\/\\\/akademie-3.org\\\/\",\"name\":\"Akademie 3\",\"description\":\"\",\"potentialAction\":[{\"@type\":\"SearchAction\",\"target\":{\"@type\":\"EntryPoint\",\"urlTemplate\":\"https:\\\/\\\/akademie-3.org\\\/?s={search_term_string}\"},\"query-input\":{\"@type\":\"PropertyValueSpecification\",\"valueRequired\":true,\"valueName\":\"search_term_string\"}}],\"inLanguage\":\"en-US\"},{\"@type\":\"Person\",\"@id\":\"https:\\\/\\\/akademie-3.org\\\/#\\\/schema\\\/person\\\/5142bdd8ee92e38e7b96471c1b17e352\",\"name\":\"ulrich\",\"image\":{\"@type\":\"ImageObject\",\"inLanguage\":\"en-US\",\"@id\":\"https:\\\/\\\/secure.gravatar.com\\\/avatar\\\/54fc3dfa7d2c2ae9e18c6c1d11825115e0a075d5c0bb0a660ce1d9612558c633?s=96&d=mm&r=g\",\"url\":\"https:\\\/\\\/secure.gravatar.com\\\/avatar\\\/54fc3dfa7d2c2ae9e18c6c1d11825115e0a075d5c0bb0a660ce1d9612558c633?s=96&d=mm&r=g\",\"contentUrl\":\"https:\\\/\\\/secure.gravatar.com\\\/avatar\\\/54fc3dfa7d2c2ae9e18c6c1d11825115e0a075d5c0bb0a660ce1d9612558c633?s=96&d=mm&r=g\",\"caption\":\"ulrich\"},\"sameAs\":[\"https:\\\/\\\/akademie-3.org\"],\"url\":\"https:\\\/\\\/akademie-3.org\\\/en\\\/author\\\/ulrich\\\/\"}]}<\/script>\n<!-- \/ Yoast SEO plugin. -->","yoast_head_json":{"title":"\"Das L\u00e4cheln der Sphinx\" Impuls Roland Benedikter Teil 1 - Akademie 3","robots":{"index":"index","follow":"follow","max-snippet":"max-snippet:-1","max-image-preview":"max-image-preview:large","max-video-preview":"max-video-preview:-1"},"canonical":"https:\/\/akademie-3.org\/das-laecheln-der-sphinx-impuls-roland-benedikter-teil-1\/","og_locale":"en_US","og_type":"article","og_title":"\"Das L\u00e4cheln der Sphinx\" Impuls Roland Benedikter Teil 1 - Akademie 3","og_url":"https:\/\/akademie-3.org\/das-laecheln-der-sphinx-impuls-roland-benedikter-teil-1\/","og_site_name":"Akademie 3","article_published_time":"2026-04-26T06:05:00+00:00","article_modified_time":"2026-04-28T23:13:47+00:00","og_image":[{"width":1400,"height":1400,"url":"https:\/\/akademie-3.org\/wp-content\/uploads\/2026\/04\/Roland_Benedikter_2024.jpg","type":"image\/jpeg"}],"author":"ulrich","twitter_card":"summary_large_image","twitter_misc":{"Written by":"ulrich","Est. reading time":"1 minute"},"schema":{"@context":"https:\/\/schema.org","@graph":[{"@type":"Article","@id":"https:\/\/akademie-3.org\/das-laecheln-der-sphinx-impuls-roland-benedikter-teil-1\/#article","isPartOf":{"@id":"https:\/\/akademie-3.org\/das-laecheln-der-sphinx-impuls-roland-benedikter-teil-1\/"},"author":{"name":"ulrich","@id":"https:\/\/akademie-3.org\/#\/schema\/person\/5142bdd8ee92e38e7b96471c1b17e352"},"headline":"&#8220;Das L\u00e4cheln der Sphinx&#8221; Impuls Roland Benedikter Teil 1","datePublished":"2026-04-26T06:05:00+00:00","dateModified":"2026-04-28T23:13:47+00:00","mainEntityOfPage":{"@id":"https:\/\/akademie-3.org\/das-laecheln-der-sphinx-impuls-roland-benedikter-teil-1\/"},"wordCount":188,"image":{"@id":"https:\/\/akademie-3.org\/das-laecheln-der-sphinx-impuls-roland-benedikter-teil-1\/#primaryimage"},"thumbnailUrl":"https:\/\/akademie-3.org\/wp-content\/uploads\/2026\/04\/Roland_Benedikter_2024.jpg","articleSection":["Allgemein"],"inLanguage":"en-US"},{"@type":"WebPage","@id":"https:\/\/akademie-3.org\/das-laecheln-der-sphinx-impuls-roland-benedikter-teil-1\/","url":"https:\/\/akademie-3.org\/das-laecheln-der-sphinx-impuls-roland-benedikter-teil-1\/","name":"\"Das L\u00e4cheln der Sphinx\" Impuls Roland Benedikter Teil 1 - Akademie 3","isPartOf":{"@id":"https:\/\/akademie-3.org\/#website"},"primaryImageOfPage":{"@id":"https:\/\/akademie-3.org\/das-laecheln-der-sphinx-impuls-roland-benedikter-teil-1\/#primaryimage"},"image":{"@id":"https:\/\/akademie-3.org\/das-laecheln-der-sphinx-impuls-roland-benedikter-teil-1\/#primaryimage"},"thumbnailUrl":"https:\/\/akademie-3.org\/wp-content\/uploads\/2026\/04\/Roland_Benedikter_2024.jpg","datePublished":"2026-04-26T06:05:00+00:00","dateModified":"2026-04-28T23:13:47+00:00","author":{"@id":"https:\/\/akademie-3.org\/#\/schema\/person\/5142bdd8ee92e38e7b96471c1b17e352"},"breadcrumb":{"@id":"https:\/\/akademie-3.org\/das-laecheln-der-sphinx-impuls-roland-benedikter-teil-1\/#breadcrumb"},"inLanguage":"en-US","potentialAction":[{"@type":"ReadAction","target":["https:\/\/akademie-3.org\/das-laecheln-der-sphinx-impuls-roland-benedikter-teil-1\/"]}]},{"@type":"ImageObject","inLanguage":"en-US","@id":"https:\/\/akademie-3.org\/das-laecheln-der-sphinx-impuls-roland-benedikter-teil-1\/#primaryimage","url":"https:\/\/akademie-3.org\/wp-content\/uploads\/2026\/04\/Roland_Benedikter_2024.jpg","contentUrl":"https:\/\/akademie-3.org\/wp-content\/uploads\/2026\/04\/Roland_Benedikter_2024.jpg","width":1400,"height":1400},{"@type":"BreadcrumbList","@id":"https:\/\/akademie-3.org\/das-laecheln-der-sphinx-impuls-roland-benedikter-teil-1\/#breadcrumb","itemListElement":[{"@type":"ListItem","position":1,"name":"Home","item":"https:\/\/akademie-3.org\/"},{"@type":"ListItem","position":2,"name":"&#8222;Das L\u00e4cheln der Sphinx&#8220; Impuls Roland Benedikter Teil 1"}]},{"@type":"WebSite","@id":"https:\/\/akademie-3.org\/#website","url":"https:\/\/akademie-3.org\/","name":"Akademie 3","description":"","potentialAction":[{"@type":"SearchAction","target":{"@type":"EntryPoint","urlTemplate":"https:\/\/akademie-3.org\/?s={search_term_string}"},"query-input":{"@type":"PropertyValueSpecification","valueRequired":true,"valueName":"search_term_string"}}],"inLanguage":"en-US"},{"@type":"Person","@id":"https:\/\/akademie-3.org\/#\/schema\/person\/5142bdd8ee92e38e7b96471c1b17e352","name":"ulrich","image":{"@type":"ImageObject","inLanguage":"en-US","@id":"https:\/\/secure.gravatar.com\/avatar\/54fc3dfa7d2c2ae9e18c6c1d11825115e0a075d5c0bb0a660ce1d9612558c633?s=96&d=mm&r=g","url":"https:\/\/secure.gravatar.com\/avatar\/54fc3dfa7d2c2ae9e18c6c1d11825115e0a075d5c0bb0a660ce1d9612558c633?s=96&d=mm&r=g","contentUrl":"https:\/\/secure.gravatar.com\/avatar\/54fc3dfa7d2c2ae9e18c6c1d11825115e0a075d5c0bb0a660ce1d9612558c633?s=96&d=mm&r=g","caption":"ulrich"},"sameAs":["https:\/\/akademie-3.org"],"url":"https:\/\/akademie-3.org\/en\/author\/ulrich\/"}]}},"publishpress_future_action":{"enabled":false,"date":"2026-05-06 10:00:24","action":"change-status","newStatus":"draft","terms":[],"taxonomy":"category","extraData":[]},"publishpress_future_workflow_manual_trigger":{"enabledWorkflows":[]},"_links":{"self":[{"href":"https:\/\/akademie-3.org\/en\/wp-json\/wp\/v2\/posts\/5497","targetHints":{"allow":["GET"]}}],"collection":[{"href":"https:\/\/akademie-3.org\/en\/wp-json\/wp\/v2\/posts"}],"about":[{"href":"https:\/\/akademie-3.org\/en\/wp-json\/wp\/v2\/types\/post"}],"author":[{"embeddable":true,"href":"https:\/\/akademie-3.org\/en\/wp-json\/wp\/v2\/users\/1"}],"replies":[{"embeddable":true,"href":"https:\/\/akademie-3.org\/en\/wp-json\/wp\/v2\/comments?post=5497"}],"version-history":[{"count":1,"href":"https:\/\/akademie-3.org\/en\/wp-json\/wp\/v2\/posts\/5497\/revisions"}],"predecessor-version":[{"id":5501,"href":"https:\/\/akademie-3.org\/en\/wp-json\/wp\/v2\/posts\/5497\/revisions\/5501"}],"wp:featuredmedia":[{"embeddable":true,"href":"https:\/\/akademie-3.org\/en\/wp-json\/wp\/v2\/media\/5500"}],"wp:attachment":[{"href":"https:\/\/akademie-3.org\/en\/wp-json\/wp\/v2\/media?parent=5497"}],"wp:term":[{"taxonomy":"category","embeddable":true,"href":"https:\/\/akademie-3.org\/en\/wp-json\/wp\/v2\/categories?post=5497"},{"taxonomy":"post_tag","embeddable":true,"href":"https:\/\/akademie-3.org\/en\/wp-json\/wp\/v2\/tags?post=5497"}],"curies":[{"name":"wp","href":"https:\/\/api.w.org\/{rel}","templated":true}]}}